{"id":2366,"date":"2023-08-09T17:51:01","date_gmt":"2023-08-09T15:51:01","guid":{"rendered":"https:\/\/gs-breitenhagen.de\/?p=2366"},"modified":"2023-08-09T17:51:02","modified_gmt":"2023-08-09T15:51:02","slug":"erster-schultag-fuer-154-altenaer-i-maennchen","status":"publish","type":"post","link":"https:\/\/gs-breitenhagen.de\/?p=2366","title":{"rendered":"Erster Schultag f\u00fcr 154 Altenaer i-M\u00e4nnchen"},"content":{"rendered":"\n<p>von Ina Hornemann<\/p>\n\n\n\n<p>[&#8230;] 20 Kinder weniger als im vergangenen Rekordjahr wurden an der Grundschule Breitenhagen eingeschult. 40 aufgeregte Jungen und M\u00e4dchen und noch mehr angespannte Eltern konnte Schulleiter J\u00f6rg Schl\u00fcter begr\u00fc\u00dfen. Schon auf dem Schulhof wiesen Luftballons auf diesen besonderen Schultag hin, bunt und fr\u00f6hlich ging es auch im Geb\u00e4ude weiter. Die Erstkl\u00e4ssler starteten direkt in die erste Unterrichtsstunde. Maren Krummenerl holte ihre 1a ab, Susanne Brinker begleitete die 1b in das Klassenzimmer. Dort warteten schon die Klassen-Maskottchen und bunte Schilder an der Tafel auf die Kinder \u2013 auch ohne lesen zu k\u00f6nnen, machen sie wichtige Regeln im zuk\u00fcnftigen Miteinander klar: \u201eErst zuh\u00f6ren, dann kramen\u201c zum Beispiel, \u201efl\u00fcstern\u201c oder \u201esich melden\u201c. Und w\u00e4hrend die Jungen und M\u00e4dchen in ihren Klassen schon einmal die Begr\u00fc\u00dfungslieder lernten, nutzte Schl\u00fcter die Gelegenheit, einige organisatorische Dinge wie die Ausgabe der Sch\u00fclertickets zu erledigen. Die Wartezeit auf ihre frischgebackenen Schulkinder verk\u00fcrzten sich die Eltern mit lockeren Gespr\u00e4chen, bevor sich wieder alle gemeinsam zur gro\u00dfen Willkommensfeier trafen. [&#8230;]<\/p>\n\n\n\n<p>Ganzer Artikel verf\u00fcgbar unter: https:\/\/www.come-on.de\/lennetal\/altena\/erster-schultag-fuer-154-maennchen-92448923.html<\/p>\n\n\n\n<p><\/p>\n","protected":false},"excerpt":{"rendered":"<p>von Ina Hornemann [&#8230;] 20 Kinder weniger als im vergangenen Rekordjahr wurden an der Grundschule Breitenhagen eingeschult. 40 aufgeregte Jungen und M\u00e4dchen und noch mehr angespannte Eltern konnte Schulleiter J\u00f6rg Schl\u00fcter begr\u00fc\u00dfen. Schon auf dem Schulhof wiesen Luftballons auf diesen besonderen Schultag hin, bunt und fr\u00f6hlich ging es auch im Geb\u00e4ude weiter. Die Erstkl\u00e4ssler starteten [&hellip;]<\/p>\n","protected":false},"author":3,"featured_media":2367,"comment_status":"closed","ping_status":"closed","sticky":false,"template":"","format":"standard","meta":{"footnotes":""},"categories":[1],"tags":[],"class_list":["post-2366","post","type-post","status-publish","format-standard","has-post-thumbnail","hentry","category-aktuelles","entry","has-media"],"_links":{"self":[{"href":"https:\/\/gs-breitenhagen.de\/index.php?rest_route=\/wp\/v2\/posts\/2366","targetHints":{"allow":["GET"]}}],"collection":[{"href":"https:\/\/gs-breitenhagen.de\/index.php?rest_route=\/wp\/v2\/posts"}],"about":[{"href":"https:\/\/gs-breitenhagen.de\/index.php?rest_route=\/wp\/v2\/types\/post"}],"author":[{"embeddable":true,"href":"https:\/\/gs-breitenhagen.de\/index.php?rest_route=\/wp\/v2\/users\/3"}],"replies":[{"embeddable":true,"href":"https:\/\/gs-breitenhagen.de\/index.php?rest_route=%2Fwp%2Fv2%2Fcomments&post=2366"}],"version-history":[{"count":1,"href":"https:\/\/gs-breitenhagen.de\/index.php?rest_route=\/wp\/v2\/posts\/2366\/revisions"}],"predecessor-version":[{"id":2368,"href":"https:\/\/gs-breitenhagen.de\/index.php?rest_route=\/wp\/v2\/posts\/2366\/revisions\/2368"}],"wp:featuredmedia":[{"embeddable":true,"href":"https:\/\/gs-breitenhagen.de\/index.php?rest_route=\/wp\/v2\/media\/2367"}],"wp:attachment":[{"href":"https:\/\/gs-breitenhagen.de\/index.php?rest_route=%2Fwp%2Fv2%2Fmedia&parent=2366"}],"wp:term":[{"taxonomy":"category","embeddable":true,"href":"https:\/\/gs-breitenhagen.de\/index.php?rest_route=%2Fwp%2Fv2%2Fcategories&post=2366"},{"taxonomy":"post_tag","embeddable":true,"href":"https:\/\/gs-breitenhagen.de\/index.php?rest_route=%2Fwp%2Fv2%2Ftags&post=2366"}],"curies":[{"name":"wp","href":"https:\/\/api.w.org\/{rel}","templated":true}]}}